{"id":4247,"date":"2020-06-08T10:23:00","date_gmt":"2020-06-08T10:23:00","guid":{"rendered":"https:\/\/www.ihu-liryc.fr\/visit-of-berangere-couillard-deputy-of-the-gironde-department\/"},"modified":"2023-02-03T13:34:40","modified_gmt":"2023-02-03T13:34:40","slug":"visit-of-berangere-couillard-deputy-of-the-gironde-department","status":"publish","type":"post","link":"https:\/\/www.ihu-liryc.fr\/en\/visit-of-berangere-couillard-deputy-of-the-gironde-department\/","title":{"rendered":"Visit of B\u00e9rang\u00e8re Couillard, Deputy of the Gironde Department"},"content":{"rendered":"\n<p>Meeting with B\u00e9rang\u00e8re Couillard,\u00a0<em>Deputy of the Gironde Department 7th district \/ Commissioner for Sustainable Development and Town and Country Planning and Member of the Delegation for Women&#8217;s Rights<\/em>, a few days ago in the context of sudden cardiac death prevention, which still affects too many people in France (50,000\/year).<\/p>\n\n<p><br\/>This visit was an opportunity for Ms. Couillard to meet the Institute&#8217;s teams and learn more about research on heart rhythm diseases.<\/p>\n\n<p><br\/>Pr Fr\u00e9d\u00e9ric SACHER and Maider PIQUET exchanged with the deputy on Liryc&#8217;s progress in this field.<\/p>\n\n<p><br\/>This was an opportunity for the IHU health professionals to highlight their research and prevention work.<\/p>\n\n<p><br\/><em>\u00ab\u00a0Strenghtened training in life-saving procedures and defibrillator use will save more lives.\u00a0\u00bb<\/em><\/p>\n","protected":false},"excerpt":{"rendered":"<p>Meeting with B\u00e9rang\u00e8re Couillard,\u00a0Deputy of the Gironde Department 7th district \/ Commissioner for Sustainable Development and Town and Country Planning and Member of the Delegation for Women&#8217;s Rights, a few days ago in the context of sudden cardiac death prevention, which still affects too many people in France (50,000\/year). This visit was an opportunity for [&hellip;]<\/p>\n","protected":false},"author":10,"featured_media":2036,"comment_status":"closed","ping_status":"closed","sticky":false,"template":"","format":"standard","meta":{"_acf_changed":false,"footnotes":""},"categories":[27],"tags":[],"class_list":["post-4247","post","type-post","status-publish","format-standard","has-post-thumbnail","hentry","category-featured"],"acf":[],"yoast_head":"<!-- This site is optimized with the Yoast SEO plugin v25.8 - https:\/\/yoast.com\/wordpress\/plugins\/seo\/ -->\n<title>Visit of B\u00e9rang\u00e8re Couillard, Deputy of the Gironde Department - IHU Liryc<\/title>\n<meta name=\"robots\" content=\"index, follow, max-snippet:-1, max-image-preview:large, max-video-preview:-1\" \/>\n<link rel=\"canonical\" href=\"https:\/\/www.ihu-liryc.fr\/en\/visit-of-berangere-couillard-deputy-of-the-gironde-department\/\" \/>\n<meta property=\"og:locale\" content=\"en_US\" \/>\n<meta property=\"og:type\" content=\"article\" \/>\n<meta property=\"og:title\" content=\"Visit of B\u00e9rang\u00e8re Couillard, Deputy of the Gironde Department - IHU Liryc\" \/>\n<meta property=\"og:description\" content=\"Meeting with B\u00e9rang\u00e8re Couillard,\u00a0Deputy of the Gironde Department 7th district \/ Commissioner for Sustainable Development and Town and Country Planning and Member of the Delegation for Women&#8217;s Rights, a few days ago in the context of sudden cardiac death prevention, which still affects too many people in France (50,000\/year). This visit was an opportunity for [&hellip;]\" \/>\n<meta property=\"og:url\" content=\"https:\/\/www.ihu-liryc.fr\/en\/visit-of-berangere-couillard-deputy-of-the-gironde-department\/\" \/>\n<meta property=\"og:site_name\" content=\"IHU Liryc\" \/>\n<meta property=\"article:published_time\" content=\"2020-06-08T10:23:00+00:00\" \/>\n<meta property=\"article:modified_time\" content=\"2023-02-03T13:34:40+00:00\" \/>\n<meta property=\"og:image\" content=\"https:\/\/www.ihu-liryc.fr\/wp-content\/uploads\/2022\/12\/visite-berangere-couillard.jpg\" \/>\n\t<meta property=\"og:image:width\" content=\"2500\" \/>\n\t<meta property=\"og:image:height\" content=\"1876\" \/>\n\t<meta property=\"og:image:type\" content=\"image\/jpeg\" \/>\n<meta name=\"author\" content=\"jeanguy\" \/>\n<meta name=\"twitter:card\" content=\"summary_large_image\" \/>\n<meta name=\"twitter:label1\" content=\"Written by\" \/>\n\t<meta name=\"twitter:data1\" content=\"jeanguy\" \/>\n\t<meta name=\"twitter:label2\" content=\"Est. reading time\" \/>\n\t<meta name=\"twitter:data2\" content=\"1 minute\" \/>\n<script type=\"application\/ld+json\" class=\"yoast-schema-graph\">{\"@context\":\"https:\/\/schema.org\",\"@graph\":[{\"@type\":\"WebPage\",\"@id\":\"https:\/\/www.ihu-liryc.fr\/en\/visit-of-berangere-couillard-deputy-of-the-gironde-department\/\",\"url\":\"https:\/\/www.ihu-liryc.fr\/en\/visit-of-berangere-couillard-deputy-of-the-gironde-department\/\",\"name\":\"Visit of B\u00e9rang\u00e8re Couillard, Deputy of the Gironde Department - IHU Liryc\",\"isPartOf\":{\"@id\":\"https:\/\/www.ihu-liryc.fr\/#website\"},\"primaryImageOfPage\":{\"@id\":\"https:\/\/www.ihu-liryc.fr\/en\/visit-of-berangere-couillard-deputy-of-the-gironde-department\/#primaryimage\"},\"image\":{\"@id\":\"https:\/\/www.ihu-liryc.fr\/en\/visit-of-berangere-couillard-deputy-of-the-gironde-department\/#primaryimage\"},\"thumbnailUrl\":\"https:\/\/www.ihu-liryc.fr\/wp-content\/uploads\/2022\/12\/visite-berangere-couillard.jpg\",\"datePublished\":\"2020-06-08T10:23:00+00:00\",\"dateModified\":\"2023-02-03T13:34:40+00:00\",\"author\":{\"@id\":\"https:\/\/www.ihu-liryc.fr\/#\/schema\/person\/064274d1dad63780037e10b4b3a95e34\"},\"breadcrumb\":{\"@id\":\"https:\/\/www.ihu-liryc.fr\/en\/visit-of-berangere-couillard-deputy-of-the-gironde-department\/#breadcrumb\"},\"inLanguage\":\"en-US\",\"potentialAction\":[{\"@type\":\"ReadAction\",\"target\":[\"https:\/\/www.ihu-liryc.fr\/en\/visit-of-berangere-couillard-deputy-of-the-gironde-department\/\"]}]},{\"@type\":\"ImageObject\",\"inLanguage\":\"en-US\",\"@id\":\"https:\/\/www.ihu-liryc.fr\/en\/visit-of-berangere-couillard-deputy-of-the-gironde-department\/#primaryimage\",\"url\":\"https:\/\/www.ihu-liryc.fr\/wp-content\/uploads\/2022\/12\/visite-berangere-couillard.jpg\",\"contentUrl\":\"https:\/\/www.ihu-liryc.fr\/wp-content\/uploads\/2022\/12\/visite-berangere-couillard.jpg\",\"width\":2500,\"height\":1876},{\"@type\":\"BreadcrumbList\",\"@id\":\"https:\/\/www.ihu-liryc.fr\/en\/visit-of-berangere-couillard-deputy-of-the-gironde-department\/#breadcrumb\",\"itemListElement\":[{\"@type\":\"ListItem\",\"position\":1,\"name\":\"Home\",\"item\":\"https:\/\/www.ihu-liryc.fr\/en\/\"},{\"@type\":\"ListItem\",\"position\":2,\"name\":\"Visit of B\u00e9rang\u00e8re Couillard, Deputy of the Gironde Department\"}]},{\"@type\":\"WebSite\",\"@id\":\"https:\/\/www.ihu-liryc.fr\/#website\",\"url\":\"https:\/\/www.ihu-liryc.fr\/\",\"name\":\"IHU Liryc\",\"description\":\"\",\"potentialAction\":[{\"@type\":\"SearchAction\",\"target\":{\"@type\":\"EntryPoint\",\"urlTemplate\":\"https:\/\/www.ihu-liryc.fr\/?s={search_term_string}\"},\"query-input\":{\"@type\":\"PropertyValueSpecification\",\"valueRequired\":true,\"valueName\":\"search_term_string\"}}],\"inLanguage\":\"en-US\"},{\"@type\":\"Person\",\"@id\":\"https:\/\/www.ihu-liryc.fr\/#\/schema\/person\/064274d1dad63780037e10b4b3a95e34\",\"name\":\"jeanguy\",\"image\":{\"@type\":\"ImageObject\",\"inLanguage\":\"en-US\",\"@id\":\"https:\/\/www.ihu-liryc.fr\/#\/schema\/person\/image\/\",\"url\":\"https:\/\/secure.gravatar.com\/avatar\/102512963f18fa4354576b9dca79eeacfa9c0832d0e510afab42e07fae790007?s=96&d=mm&r=g\",\"contentUrl\":\"https:\/\/secure.gravatar.com\/avatar\/102512963f18fa4354576b9dca79eeacfa9c0832d0e510afab42e07fae790007?s=96&d=mm&r=g\",\"caption\":\"jeanguy\"}}]}<\/script>\n<!-- \/ Yoast SEO plugin. -->","yoast_head_json":{"title":"Visit of B\u00e9rang\u00e8re Couillard, Deputy of the Gironde Department - IHU Liryc","robots":{"index":"index","follow":"follow","max-snippet":"max-snippet:-1","max-image-preview":"max-image-preview:large","max-video-preview":"max-video-preview:-1"},"canonical":"https:\/\/www.ihu-liryc.fr\/en\/visit-of-berangere-couillard-deputy-of-the-gironde-department\/","og_locale":"en_US","og_type":"article","og_title":"Visit of B\u00e9rang\u00e8re Couillard, Deputy of the Gironde Department - IHU Liryc","og_description":"Meeting with B\u00e9rang\u00e8re Couillard,\u00a0Deputy of the Gironde Department 7th district \/ Commissioner for Sustainable Development and Town and Country Planning and Member of the Delegation for Women&#8217;s Rights, a few days ago in the context of sudden cardiac death prevention, which still affects too many people in France (50,000\/year). This visit was an opportunity for [&hellip;]","og_url":"https:\/\/www.ihu-liryc.fr\/en\/visit-of-berangere-couillard-deputy-of-the-gironde-department\/","og_site_name":"IHU Liryc","article_published_time":"2020-06-08T10:23:00+00:00","article_modified_time":"2023-02-03T13:34:40+00:00","og_image":[{"width":2500,"height":1876,"url":"https:\/\/www.ihu-liryc.fr\/wp-content\/uploads\/2022\/12\/visite-berangere-couillard.jpg","type":"image\/jpeg"}],"author":"jeanguy","twitter_card":"summary_large_image","twitter_misc":{"Written by":"jeanguy","Est. reading time":"1 minute"},"schema":{"@context":"https:\/\/schema.org","@graph":[{"@type":"WebPage","@id":"https:\/\/www.ihu-liryc.fr\/en\/visit-of-berangere-couillard-deputy-of-the-gironde-department\/","url":"https:\/\/www.ihu-liryc.fr\/en\/visit-of-berangere-couillard-deputy-of-the-gironde-department\/","name":"Visit of B\u00e9rang\u00e8re Couillard, Deputy of the Gironde Department - IHU Liryc","isPartOf":{"@id":"https:\/\/www.ihu-liryc.fr\/#website"},"primaryImageOfPage":{"@id":"https:\/\/www.ihu-liryc.fr\/en\/visit-of-berangere-couillard-deputy-of-the-gironde-department\/#primaryimage"},"image":{"@id":"https:\/\/www.ihu-liryc.fr\/en\/visit-of-berangere-couillard-deputy-of-the-gironde-department\/#primaryimage"},"thumbnailUrl":"https:\/\/www.ihu-liryc.fr\/wp-content\/uploads\/2022\/12\/visite-berangere-couillard.jpg","datePublished":"2020-06-08T10:23:00+00:00","dateModified":"2023-02-03T13:34:40+00:00","author":{"@id":"https:\/\/www.ihu-liryc.fr\/#\/schema\/person\/064274d1dad63780037e10b4b3a95e34"},"breadcrumb":{"@id":"https:\/\/www.ihu-liryc.fr\/en\/visit-of-berangere-couillard-deputy-of-the-gironde-department\/#breadcrumb"},"inLanguage":"en-US","potentialAction":[{"@type":"ReadAction","target":["https:\/\/www.ihu-liryc.fr\/en\/visit-of-berangere-couillard-deputy-of-the-gironde-department\/"]}]},{"@type":"ImageObject","inLanguage":"en-US","@id":"https:\/\/www.ihu-liryc.fr\/en\/visit-of-berangere-couillard-deputy-of-the-gironde-department\/#primaryimage","url":"https:\/\/www.ihu-liryc.fr\/wp-content\/uploads\/2022\/12\/visite-berangere-couillard.jpg","contentUrl":"https:\/\/www.ihu-liryc.fr\/wp-content\/uploads\/2022\/12\/visite-berangere-couillard.jpg","width":2500,"height":1876},{"@type":"BreadcrumbList","@id":"https:\/\/www.ihu-liryc.fr\/en\/visit-of-berangere-couillard-deputy-of-the-gironde-department\/#breadcrumb","itemListElement":[{"@type":"ListItem","position":1,"name":"Home","item":"https:\/\/www.ihu-liryc.fr\/en\/"},{"@type":"ListItem","position":2,"name":"Visit of B\u00e9rang\u00e8re Couillard, Deputy of the Gironde Department"}]},{"@type":"WebSite","@id":"https:\/\/www.ihu-liryc.fr\/#website","url":"https:\/\/www.ihu-liryc.fr\/","name":"IHU Liryc","description":"","potentialAction":[{"@type":"SearchAction","target":{"@type":"EntryPoint","urlTemplate":"https:\/\/www.ihu-liryc.fr\/?s={search_term_string}"},"query-input":{"@type":"PropertyValueSpecification","valueRequired":true,"valueName":"search_term_string"}}],"inLanguage":"en-US"},{"@type":"Person","@id":"https:\/\/www.ihu-liryc.fr\/#\/schema\/person\/064274d1dad63780037e10b4b3a95e34","name":"jeanguy","image":{"@type":"ImageObject","inLanguage":"en-US","@id":"https:\/\/www.ihu-liryc.fr\/#\/schema\/person\/image\/","url":"https:\/\/secure.gravatar.com\/avatar\/102512963f18fa4354576b9dca79eeacfa9c0832d0e510afab42e07fae790007?s=96&d=mm&r=g","contentUrl":"https:\/\/secure.gravatar.com\/avatar\/102512963f18fa4354576b9dca79eeacfa9c0832d0e510afab42e07fae790007?s=96&d=mm&r=g","caption":"jeanguy"}}]}},"_links":{"self":[{"href":"https:\/\/www.ihu-liryc.fr\/en\/wp-json\/wp\/v2\/posts\/4247","targetHints":{"allow":["GET"]}}],"collection":[{"href":"https:\/\/www.ihu-liryc.fr\/en\/wp-json\/wp\/v2\/posts"}],"about":[{"href":"https:\/\/www.ihu-liryc.fr\/en\/wp-json\/wp\/v2\/types\/post"}],"author":[{"embeddable":true,"href":"https:\/\/www.ihu-liryc.fr\/en\/wp-json\/wp\/v2\/users\/10"}],"replies":[{"embeddable":true,"href":"https:\/\/www.ihu-liryc.fr\/en\/wp-json\/wp\/v2\/comments?post=4247"}],"version-history":[{"count":1,"href":"https:\/\/www.ihu-liryc.fr\/en\/wp-json\/wp\/v2\/posts\/4247\/revisions"}],"predecessor-version":[{"id":4248,"href":"https:\/\/www.ihu-liryc.fr\/en\/wp-json\/wp\/v2\/posts\/4247\/revisions\/4248"}],"wp:featuredmedia":[{"embeddable":true,"href":"https:\/\/www.ihu-liryc.fr\/en\/wp-json\/wp\/v2\/media\/2036"}],"wp:attachment":[{"href":"https:\/\/www.ihu-liryc.fr\/en\/wp-json\/wp\/v2\/media?parent=4247"}],"wp:term":[{"taxonomy":"category","embeddable":true,"href":"https:\/\/www.ihu-liryc.fr\/en\/wp-json\/wp\/v2\/categories?post=4247"},{"taxonomy":"post_tag","embeddable":true,"href":"https:\/\/www.ihu-liryc.fr\/en\/wp-json\/wp\/v2\/tags?post=4247"}],"curies":[{"name":"wp","href":"https:\/\/api.w.org\/{rel}","templated":true}]}}