{"id":5836,"date":"2023-12-14T14:36:16","date_gmt":"2023-12-14T14:36:16","guid":{"rendered":"https:\/\/www.ihu-liryc.fr\/meditwin-french-scientific-and-technological-excellence-in-virtual-twins-for-the-future-of-medical-care\/"},"modified":"2024-04-30T07:38:28","modified_gmt":"2024-04-30T07:38:28","slug":"meditwin-french-scientific-and-technological-excellence-in-virtual-twins-for-the-future-of-medical-care","status":"publish","type":"post","link":"https:\/\/www.ihu-liryc.fr\/en\/meditwin-french-scientific-and-technological-excellence-in-virtual-twins-for-the-future-of-medical-care\/","title":{"rendered":"MEDITWIN: French scientific and technological excellence in virtual twins for the future of medical care"},"content":{"rendered":"\n<p>The MEDITWIN consortium was announced on Monday December 11, 2023, in the presence of the French President, with the participation of representatives from the consortium comprising 7 University Hospital Institutes (IHUs), Nantes University Hospital, Inria, associated startups and Dassault Syst\u00e8mes. MEDITWIN will offer virtual twins for medical practice, helping to improve the quality of care for safer, more accessible healthcare for all.<\/p>\n<smartfire-component name='spacer' attributes=\"{&quot;height&quot;:20,&quot;laptopHeight&quot;:45,&quot;tabletHeight&quot;:40,&quot;mobileHeight&quot;:30}\"><\/smartfire-component>\n<p>The MEDITWIN project will offer personalized virtual twins of organs, metabolism and cancerous tumors, for better diagnosis and treatment. In particular, MEDITWIN will enable doctors to simulate future scenarios for a patient. <\/p>\n<smartfire-component name='spacer' attributes=\"{&quot;height&quot;:20,&quot;laptopHeight&quot;:45,&quot;tabletHeight&quot;:40,&quot;mobileHeight&quot;:30}\"><\/smartfire-component>\n<p>Seven new medical practices will be developed on the basis of virtual twins, in the fields of neurology, cardiology and oncology. The result will be seven &#8220;virtual healthcare products&#8221; marketed and deployed on a sovereign industrial cloud platform. <\/p>\n<smartfire-component name='spacer' attributes=\"{&quot;height&quot;:20,&quot;laptopHeight&quot;:45,&quot;tabletHeight&quot;:40,&quot;mobileHeight&quot;:30}\"><\/smartfire-component>\n<p>The MEDITWIN project leans on the expertise of world-class partners in each of the fields covered, around the 14 founding members of this consortium: Dassault Syst\u00e8mes, as the consortium&#8217;s industrial leader, seven University Hospital Institutes (IHU), at the highest level of medical and scientific excellence, the Nantes University Hospital via the Thorax Institute, the start-ups inHEART, Codoc, Qairnel and Neurometers, and Inria through 11 project-teams involved in this project.<\/p>\n<smartfire-component name='spacer' attributes=\"{&quot;height&quot;:20,&quot;laptopHeight&quot;:45,&quot;tabletHeight&quot;:40,&quot;mobileHeight&quot;:30}\"><\/smartfire-component>\n<p>Virtual twins have become indispensable in the aeronautics and mobility industries, where virtualization has enabled considerable progress in terms of safety, quality, ecological footprint and economic competitiveness. MEDITWIN draws on the experience accumulated by the partners over many years in the field of digital twins for healthcare, such as the Living Heart initiative by Dassault Syst\u00e8mes (link), the Living Brain (link), not forgetting the actions of the PEPR Sant\u00e9 Num\u00e9rique co-directed by Inria and INSERM, to give just a few examples. <\/p>\n\n<p>\u00a0&#13;\n&#13;\nMEDITWIN will enable the industrialization, clinical validation and standardization of these initiatives, so that these technologies can be deployed in a standardized way and benefit as many people as possible. The best standards of care will thus be codified in the form of virtualized experiences, and made accessible worldwide, constituting a new benchmark for quality in healthcare and a decisive learning ground for the progress of medical science.<\/p>\n\n<p>The benefits of virtual twins will be assessed at the level of medical teams, patients and the healthcare system, notably in terms of improving the efficiency of care, the quality of multidisciplinary decision-making, and the effectiveness and safety of medical practices and interventions.<\/p>\n\n<p>In practice, the MEDITWIN initiative will be developed over 5 years, from 2024 to 2029. The partners&#8217; investment in this project will be financially supported by the French government as part of France 2030.<\/p>\n<smartfire-component name='spacer' attributes=\"{&quot;height&quot;:50,&quot;laptopHeight&quot;:45,&quot;tabletHeight&quot;:40,&quot;mobileHeight&quot;:30}\"><\/smartfire-component><smartfire-component name='citation' attributes=\"{&quot;image&quot;:{&quot;id&quot;:1711,&quot;title&quot;:&quot;22 02 Retour sur l\\u2019allocution du Pr Pierre Jai\\u0308s, a\\u0300 l\\u2019occasion de la ce\\u0301re\\u0301monie de v\\u0153ux Pierre Jais _@Marie Astrid Jamois - juiillet 2020 (9)&quot;,&quot;filename&quot;:&quot;22-02-Retour-sur-lallocution-du-Pr-Pierre-Jai\\u0308s-a\\u0300-loccasion-de-la-ce\\u0301re\\u0301monie-de-voeux-Pierre-Jais-_@Marie-Astrid-Jamois-juiillet-2020-9.jpg&quot;,&quot;url&quot;:&quot;https:\\\/\\\/www.ihu-liryc.fr\\\/wp-content\\\/uploads\\\/2022\\\/12\\\/22-02-Retour-sur-lallocution-du-Pr-Pierre-Jai\\u0308s-a\\u0300-loccasion-de-la-ce\\u0301re\\u0301monie-de-voeux-Pierre-Jais-_@Marie-Astrid-Jamois-juiillet-2020-9.jpg&quot;,&quot;link&quot;:&quot;https:\\\/\\\/www.ihu-liryc.fr\\\/22-02-retour-sur-lallocution-du-pr-pierre-jai%cc%88s-a-loccasion-de-la-ceremonie-de-voeux-pierre-jais-_marie-astrid-jamois-juiillet-2020-9\\\/&quot;,&quot;alt&quot;:&quot;&quot;,&quot;author&quot;:&quot;10&quot;,&quot;description&quot;:&quot;&quot;,&quot;caption&quot;:&quot;&quot;,&quot;name&quot;:&quot;22-02-retour-sur-lallocution-du-pr-pierre-jai%cc%88s-a-loccasion-de-la-ceremonie-de-voeux-pierre-jais-_marie-astrid-jamois-juiillet-2020-9&quot;,&quot;status&quot;:&quot;inherit&quot;,&quot;uploadedTo&quot;:0,&quot;date&quot;:&quot;2022-12-11T07:49:43.000Z&quot;,&quot;modified&quot;:&quot;2022-12-11T07:49:43.000Z&quot;,&quot;menuOrder&quot;:0,&quot;mime&quot;:&quot;image\\\/jpeg&quot;,&quot;type&quot;:&quot;image&quot;,&quot;subtype&quot;:&quot;jpeg&quot;,&quot;icon&quot;:&quot;https:\\\/\\\/www.ihu-liryc.fr\\\/wp-includes\\\/images\\\/media\\\/default.png&quot;,&quot;dateFormatted&quot;:&quot;11 d\\u00e9cembre 2022&quot;,&quot;nonces&quot;:{&quot;update&quot;:&quot;eecc9563e3&quot;,&quot;delete&quot;:&quot;7cc0bca187&quot;,&quot;edit&quot;:&quot;74a80cd8c6&quot;},&quot;editLink&quot;:&quot;https:\\\/\\\/www.ihu-liryc.fr\\\/wp-admin\\\/post.php?post=1711&amp;action=edit&amp;lang=fr&quot;,&quot;meta&quot;:false,&quot;authorName&quot;:&quot;jeanguy&quot;,&quot;authorLink&quot;:&quot;https:\\\/\\\/www.ihu-liryc.fr\\\/wp-admin\\\/user-edit.php?user_id=10&quot;,&quot;filesizeInBytes&quot;:413054,&quot;filesizeHumanReadable&quot;:&quot;403 Ko&quot;,&quot;context&quot;:&quot;&quot;,&quot;height&quot;:1001,&quot;width&quot;:1500,&quot;orientation&quot;:&quot;landscape&quot;,&quot;sizes&quot;:{&quot;thumbnail&quot;:{&quot;height&quot;:150,&quot;width&quot;:150,&quot;url&quot;:&quot;https:\\\/\\\/www.ihu-liryc.fr\\\/wp-content\\\/uploads\\\/2022\\\/12\\\/22-02-Retour-sur-lallocution-du-Pr-Pierre-Jai\\u0308s-a\\u0300-loccasion-de-la-ce\\u0301re\\u0301monie-de-voeux-Pierre-Jais-_@Marie-Astrid-Jamois-juiillet-2020-9-150x150.jpg&quot;,&quot;orientation&quot;:&quot;landscape&quot;},&quot;medium&quot;:{&quot;height&quot;:200,&quot;width&quot;:300,&quot;url&quot;:&quot;https:\\\/\\\/www.ihu-liryc.fr\\\/wp-content\\\/uploads\\\/2022\\\/12\\\/22-02-Retour-sur-lallocution-du-Pr-Pierre-Jai\\u0308s-a\\u0300-loccasion-de-la-ce\\u0301re\\u0301monie-de-voeux-Pierre-Jais-_@Marie-Astrid-Jamois-juiillet-2020-9-300x200.jpg&quot;,&quot;orientation&quot;:&quot;landscape&quot;},&quot;large&quot;:{&quot;height&quot;:427,&quot;width&quot;:640,&quot;url&quot;:&quot;https:\\\/\\\/www.ihu-liryc.fr\\\/wp-content\\\/uploads\\\/2022\\\/12\\\/22-02-Retour-sur-lallocution-du-Pr-Pierre-Jai\\u0308s-a\\u0300-loccasion-de-la-ce\\u0301re\\u0301monie-de-voeux-Pierre-Jais-_@Marie-Astrid-Jamois-juiillet-2020-9-1024x683.jpg&quot;,&quot;orientation&quot;:&quot;landscape&quot;},&quot;full&quot;:{&quot;url&quot;:&quot;https:\\\/\\\/www.ihu-liryc.fr\\\/wp-content\\\/uploads\\\/2022\\\/12\\\/22-02-Retour-sur-lallocution-du-Pr-Pierre-Jai\\u0308s-a\\u0300-loccasion-de-la-ce\\u0301re\\u0301monie-de-voeux-Pierre-Jais-_@Marie-Astrid-Jamois-juiillet-2020-9.jpg&quot;,&quot;height&quot;:1001,&quot;width&quot;:1500,&quot;orientation&quot;:&quot;landscape&quot;}},&quot;compat&quot;:{&quot;item&quot;:&quot;&quot;,&quot;meta&quot;:&quot;&quot;},&quot;acf_errors&quot;:false},&quot;citation&quot;:&quot;Alliant 7 IHU, Inria et Dassault Syst\\u00e8mes, MEDITWIN est exemplaire dans l\\u2019articulation d\\u2019acteurs publics et priv\\u00e9s. Ce projet d\\u2019envergure unique nous propulse dans la m\\u00e9decine de demain pour une pr\\u00e9vention syst\\u00e9matique et automatique, essentielle pour les patients et infiniment moins co\\u00fbteuse pour notre syst\\u00e8me de sant\\u00e9. Enfin, il offre aux m\\u00e9decins et chercheurs fran\\u00e7ais l\\u2019opportunit\\u00e9 d\\u00e9terminante de b\\u00e9n\\u00e9ficier d\\u2019un champion en sant\\u00e9 num\\u00e9rique et c\\u2019est essentiel pour la recherche en sant\\u00e9 au niveau international.&quot;,&quot;author&quot;:&quot;Pr Pierre Ja\\u00efs&quot;,&quot;role&quot;:&quot;Directeur g\\u00e9n\\u00e9ral de l&#039;IHU Liryc&quot;}\"><\/smartfire-component><smartfire-component name='spacer' attributes=\"{&quot;height&quot;:50,&quot;laptopHeight&quot;:45,&quot;tabletHeight&quot;:40,&quot;mobileHeight&quot;:30}\"><\/smartfire-component><smartfire-component name='button' attributes=\"{&quot;text&quot;:&quot;Lire le communiqu\\u00e9 en int\\u00e9gralit\\u00e9&quot;,&quot;externalLink&quot;:&quot;https:\\\/\\\/www.ihu-liryc.fr\\\/wp-content\\\/uploads\\\/2023\\\/12\\\/20231214-cp-meditwin-final_0.pdf&quot;,&quot;linkType&quot;:&quot;external&quot;,&quot;blank&quot;:true,&quot;internalLink&quot;:&quot;&quot;,&quot;aspect&quot;:&quot;contained&quot;,&quot;position&quot;:&quot;left&quot;,&quot;color&quot;:&quot;#044251&quot;,&quot;colorHover&quot;:&quot;#086d84&quot;}\"><\/smartfire-component>","protected":false},"excerpt":{"rendered":"<p>The MEDITWIN project will offer personalized virtual twins of organs, metabolism and cancerous tumors, for better diagnosis and treatment. In particular, MEDITWIN will enable physicians to simulate future scenarios for a patient. <\/p>\n","protected":false},"author":12,"featured_media":5809,"comment_status":"closed","ping_status":"closed","sticky":false,"template":"","format":"standard","meta":{"_acf_changed":false,"footnotes":""},"categories":[27,28,7],"tags":[],"class_list":["post-5836","post","type-post","status-publish","format-standard","has-post-thumbnail","hentry","category-featured","category-press-release","category-uncategorized"],"acf":[],"yoast_head":"<!-- This site is optimized with the Yoast SEO plugin v25.8 - https:\/\/yoast.com\/wordpress\/plugins\/seo\/ -->\n<title>MEDITWIN: French scientific and technological excellence in virtual twins for the future of medical care - IHU Liryc<\/title>\n<meta name=\"robots\" content=\"index, follow, max-snippet:-1, max-image-preview:large, max-video-preview:-1\" \/>\n<link rel=\"canonical\" href=\"https:\/\/www.ihu-liryc.fr\/en\/meditwin-french-scientific-and-technological-excellence-in-virtual-twins-for-the-future-of-medical-care\/\" \/>\n<meta property=\"og:locale\" content=\"en_US\" \/>\n<meta property=\"og:type\" content=\"article\" \/>\n<meta property=\"og:title\" content=\"MEDITWIN: French scientific and technological excellence in virtual twins for the future of medical care - IHU Liryc\" \/>\n<meta property=\"og:description\" content=\"The MEDITWIN project will offer personalized virtual twins of organs, metabolism and cancerous tumors, for better diagnosis and treatment. In particular, MEDITWIN will enable physicians to simulate future scenarios for a patient.\" \/>\n<meta property=\"og:url\" content=\"https:\/\/www.ihu-liryc.fr\/en\/meditwin-french-scientific-and-technological-excellence-in-virtual-twins-for-the-future-of-medical-care\/\" \/>\n<meta property=\"og:site_name\" content=\"IHU Liryc\" \/>\n<meta property=\"article:published_time\" content=\"2023-12-14T14:36:16+00:00\" \/>\n<meta property=\"article:modified_time\" content=\"2024-04-30T07:38:28+00:00\" \/>\n<meta property=\"og:image\" content=\"https:\/\/www.ihu-liryc.fr\/wp-content\/uploads\/2023\/12\/Capture-de\u0301cran-2023-12-14-a\u0300-15.34.37.png\" \/>\n\t<meta property=\"og:image:width\" content=\"2226\" \/>\n\t<meta property=\"og:image:height\" content=\"858\" \/>\n\t<meta property=\"og:image:type\" content=\"image\/png\" \/>\n<meta name=\"author\" content=\"admin_communication\" \/>\n<meta name=\"twitter:card\" content=\"summary_large_image\" \/>\n<meta name=\"twitter:label1\" content=\"Written by\" \/>\n\t<meta name=\"twitter:data1\" content=\"admin_communication\" \/>\n\t<meta name=\"twitter:label2\" content=\"Est. reading time\" \/>\n\t<meta name=\"twitter:data2\" content=\"3 minutes\" \/>\n<script type=\"application\/ld+json\" class=\"yoast-schema-graph\">{\"@context\":\"https:\/\/schema.org\",\"@graph\":[{\"@type\":\"WebPage\",\"@id\":\"https:\/\/www.ihu-liryc.fr\/en\/meditwin-french-scientific-and-technological-excellence-in-virtual-twins-for-the-future-of-medical-care\/\",\"url\":\"https:\/\/www.ihu-liryc.fr\/en\/meditwin-french-scientific-and-technological-excellence-in-virtual-twins-for-the-future-of-medical-care\/\",\"name\":\"MEDITWIN: French scientific and technological excellence in virtual twins for the future of medical care - IHU Liryc\",\"isPartOf\":{\"@id\":\"https:\/\/www.ihu-liryc.fr\/#website\"},\"primaryImageOfPage\":{\"@id\":\"https:\/\/www.ihu-liryc.fr\/en\/meditwin-french-scientific-and-technological-excellence-in-virtual-twins-for-the-future-of-medical-care\/#primaryimage\"},\"image\":{\"@id\":\"https:\/\/www.ihu-liryc.fr\/en\/meditwin-french-scientific-and-technological-excellence-in-virtual-twins-for-the-future-of-medical-care\/#primaryimage\"},\"thumbnailUrl\":\"https:\/\/www.ihu-liryc.fr\/wp-content\/uploads\/2023\/12\/Capture-de\u0301cran-2023-12-14-a\u0300-15.34.37.png\",\"datePublished\":\"2023-12-14T14:36:16+00:00\",\"dateModified\":\"2024-04-30T07:38:28+00:00\",\"author\":{\"@id\":\"https:\/\/www.ihu-liryc.fr\/#\/schema\/person\/cb126ad974431d07b9b614fd2f0736c0\"},\"breadcrumb\":{\"@id\":\"https:\/\/www.ihu-liryc.fr\/en\/meditwin-french-scientific-and-technological-excellence-in-virtual-twins-for-the-future-of-medical-care\/#breadcrumb\"},\"inLanguage\":\"en-US\",\"potentialAction\":[{\"@type\":\"ReadAction\",\"target\":[\"https:\/\/www.ihu-liryc.fr\/en\/meditwin-french-scientific-and-technological-excellence-in-virtual-twins-for-the-future-of-medical-care\/\"]}]},{\"@type\":\"ImageObject\",\"inLanguage\":\"en-US\",\"@id\":\"https:\/\/www.ihu-liryc.fr\/en\/meditwin-french-scientific-and-technological-excellence-in-virtual-twins-for-the-future-of-medical-care\/#primaryimage\",\"url\":\"https:\/\/www.ihu-liryc.fr\/wp-content\/uploads\/2023\/12\/Capture-de\u0301cran-2023-12-14-a\u0300-15.34.37.png\",\"contentUrl\":\"https:\/\/www.ihu-liryc.fr\/wp-content\/uploads\/2023\/12\/Capture-de\u0301cran-2023-12-14-a\u0300-15.34.37.png\",\"width\":2226,\"height\":858},{\"@type\":\"BreadcrumbList\",\"@id\":\"https:\/\/www.ihu-liryc.fr\/en\/meditwin-french-scientific-and-technological-excellence-in-virtual-twins-for-the-future-of-medical-care\/#breadcrumb\",\"itemListElement\":[{\"@type\":\"ListItem\",\"position\":1,\"name\":\"Home\",\"item\":\"https:\/\/www.ihu-liryc.fr\/en\/\"},{\"@type\":\"ListItem\",\"position\":2,\"name\":\"MEDITWIN: French scientific and technological excellence in virtual twins for the future of medical care\"}]},{\"@type\":\"WebSite\",\"@id\":\"https:\/\/www.ihu-liryc.fr\/#website\",\"url\":\"https:\/\/www.ihu-liryc.fr\/\",\"name\":\"IHU Liryc\",\"description\":\"\",\"potentialAction\":[{\"@type\":\"SearchAction\",\"target\":{\"@type\":\"EntryPoint\",\"urlTemplate\":\"https:\/\/www.ihu-liryc.fr\/?s={search_term_string}\"},\"query-input\":{\"@type\":\"PropertyValueSpecification\",\"valueRequired\":true,\"valueName\":\"search_term_string\"}}],\"inLanguage\":\"en-US\"},{\"@type\":\"Person\",\"@id\":\"https:\/\/www.ihu-liryc.fr\/#\/schema\/person\/cb126ad974431d07b9b614fd2f0736c0\",\"name\":\"admin_communication\",\"image\":{\"@type\":\"ImageObject\",\"inLanguage\":\"en-US\",\"@id\":\"https:\/\/www.ihu-liryc.fr\/#\/schema\/person\/image\/\",\"url\":\"https:\/\/secure.gravatar.com\/avatar\/82e92273decb2c204e34c2505904112185fbedf3852a7c5eed8b3089a6352468?s=96&d=mm&r=g\",\"contentUrl\":\"https:\/\/secure.gravatar.com\/avatar\/82e92273decb2c204e34c2505904112185fbedf3852a7c5eed8b3089a6352468?s=96&d=mm&r=g\",\"caption\":\"admin_communication\"}}]}<\/script>\n<!-- \/ Yoast SEO plugin. -->","yoast_head_json":{"title":"MEDITWIN: French scientific and technological excellence in virtual twins for the future of medical care - IHU Liryc","robots":{"index":"index","follow":"follow","max-snippet":"max-snippet:-1","max-image-preview":"max-image-preview:large","max-video-preview":"max-video-preview:-1"},"canonical":"https:\/\/www.ihu-liryc.fr\/en\/meditwin-french-scientific-and-technological-excellence-in-virtual-twins-for-the-future-of-medical-care\/","og_locale":"en_US","og_type":"article","og_title":"MEDITWIN: French scientific and technological excellence in virtual twins for the future of medical care - IHU Liryc","og_description":"The MEDITWIN project will offer personalized virtual twins of organs, metabolism and cancerous tumors, for better diagnosis and treatment. In particular, MEDITWIN will enable physicians to simulate future scenarios for a patient.","og_url":"https:\/\/www.ihu-liryc.fr\/en\/meditwin-french-scientific-and-technological-excellence-in-virtual-twins-for-the-future-of-medical-care\/","og_site_name":"IHU Liryc","article_published_time":"2023-12-14T14:36:16+00:00","article_modified_time":"2024-04-30T07:38:28+00:00","og_image":[{"width":2226,"height":858,"url":"https:\/\/www.ihu-liryc.fr\/wp-content\/uploads\/2023\/12\/Capture-de\u0301cran-2023-12-14-a\u0300-15.34.37.png","type":"image\/png"}],"author":"admin_communication","twitter_card":"summary_large_image","twitter_misc":{"Written by":"admin_communication","Est. reading time":"3 minutes"},"schema":{"@context":"https:\/\/schema.org","@graph":[{"@type":"WebPage","@id":"https:\/\/www.ihu-liryc.fr\/en\/meditwin-french-scientific-and-technological-excellence-in-virtual-twins-for-the-future-of-medical-care\/","url":"https:\/\/www.ihu-liryc.fr\/en\/meditwin-french-scientific-and-technological-excellence-in-virtual-twins-for-the-future-of-medical-care\/","name":"MEDITWIN: French scientific and technological excellence in virtual twins for the future of medical care - IHU Liryc","isPartOf":{"@id":"https:\/\/www.ihu-liryc.fr\/#website"},"primaryImageOfPage":{"@id":"https:\/\/www.ihu-liryc.fr\/en\/meditwin-french-scientific-and-technological-excellence-in-virtual-twins-for-the-future-of-medical-care\/#primaryimage"},"image":{"@id":"https:\/\/www.ihu-liryc.fr\/en\/meditwin-french-scientific-and-technological-excellence-in-virtual-twins-for-the-future-of-medical-care\/#primaryimage"},"thumbnailUrl":"https:\/\/www.ihu-liryc.fr\/wp-content\/uploads\/2023\/12\/Capture-de\u0301cran-2023-12-14-a\u0300-15.34.37.png","datePublished":"2023-12-14T14:36:16+00:00","dateModified":"2024-04-30T07:38:28+00:00","author":{"@id":"https:\/\/www.ihu-liryc.fr\/#\/schema\/person\/cb126ad974431d07b9b614fd2f0736c0"},"breadcrumb":{"@id":"https:\/\/www.ihu-liryc.fr\/en\/meditwin-french-scientific-and-technological-excellence-in-virtual-twins-for-the-future-of-medical-care\/#breadcrumb"},"inLanguage":"en-US","potentialAction":[{"@type":"ReadAction","target":["https:\/\/www.ihu-liryc.fr\/en\/meditwin-french-scientific-and-technological-excellence-in-virtual-twins-for-the-future-of-medical-care\/"]}]},{"@type":"ImageObject","inLanguage":"en-US","@id":"https:\/\/www.ihu-liryc.fr\/en\/meditwin-french-scientific-and-technological-excellence-in-virtual-twins-for-the-future-of-medical-care\/#primaryimage","url":"https:\/\/www.ihu-liryc.fr\/wp-content\/uploads\/2023\/12\/Capture-de\u0301cran-2023-12-14-a\u0300-15.34.37.png","contentUrl":"https:\/\/www.ihu-liryc.fr\/wp-content\/uploads\/2023\/12\/Capture-de\u0301cran-2023-12-14-a\u0300-15.34.37.png","width":2226,"height":858},{"@type":"BreadcrumbList","@id":"https:\/\/www.ihu-liryc.fr\/en\/meditwin-french-scientific-and-technological-excellence-in-virtual-twins-for-the-future-of-medical-care\/#breadcrumb","itemListElement":[{"@type":"ListItem","position":1,"name":"Home","item":"https:\/\/www.ihu-liryc.fr\/en\/"},{"@type":"ListItem","position":2,"name":"MEDITWIN: French scientific and technological excellence in virtual twins for the future of medical care"}]},{"@type":"WebSite","@id":"https:\/\/www.ihu-liryc.fr\/#website","url":"https:\/\/www.ihu-liryc.fr\/","name":"IHU Liryc","description":"","potentialAction":[{"@type":"SearchAction","target":{"@type":"EntryPoint","urlTemplate":"https:\/\/www.ihu-liryc.fr\/?s={search_term_string}"},"query-input":{"@type":"PropertyValueSpecification","valueRequired":true,"valueName":"search_term_string"}}],"inLanguage":"en-US"},{"@type":"Person","@id":"https:\/\/www.ihu-liryc.fr\/#\/schema\/person\/cb126ad974431d07b9b614fd2f0736c0","name":"admin_communication","image":{"@type":"ImageObject","inLanguage":"en-US","@id":"https:\/\/www.ihu-liryc.fr\/#\/schema\/person\/image\/","url":"https:\/\/secure.gravatar.com\/avatar\/82e92273decb2c204e34c2505904112185fbedf3852a7c5eed8b3089a6352468?s=96&d=mm&r=g","contentUrl":"https:\/\/secure.gravatar.com\/avatar\/82e92273decb2c204e34c2505904112185fbedf3852a7c5eed8b3089a6352468?s=96&d=mm&r=g","caption":"admin_communication"}}]}},"_links":{"self":[{"href":"https:\/\/www.ihu-liryc.fr\/en\/wp-json\/wp\/v2\/posts\/5836","targetHints":{"allow":["GET"]}}],"collection":[{"href":"https:\/\/www.ihu-liryc.fr\/en\/wp-json\/wp\/v2\/posts"}],"about":[{"href":"https:\/\/www.ihu-liryc.fr\/en\/wp-json\/wp\/v2\/types\/post"}],"author":[{"embeddable":true,"href":"https:\/\/www.ihu-liryc.fr\/en\/wp-json\/wp\/v2\/users\/12"}],"replies":[{"embeddable":true,"href":"https:\/\/www.ihu-liryc.fr\/en\/wp-json\/wp\/v2\/comments?post=5836"}],"version-history":[{"count":6,"href":"https:\/\/www.ihu-liryc.fr\/en\/wp-json\/wp\/v2\/posts\/5836\/revisions"}],"predecessor-version":[{"id":6190,"href":"https:\/\/www.ihu-liryc.fr\/en\/wp-json\/wp\/v2\/posts\/5836\/revisions\/6190"}],"wp:featuredmedia":[{"embeddable":true,"href":"https:\/\/www.ihu-liryc.fr\/en\/wp-json\/wp\/v2\/media\/5809"}],"wp:attachment":[{"href":"https:\/\/www.ihu-liryc.fr\/en\/wp-json\/wp\/v2\/media?parent=5836"}],"wp:term":[{"taxonomy":"category","embeddable":true,"href":"https:\/\/www.ihu-liryc.fr\/en\/wp-json\/wp\/v2\/categories?post=5836"},{"taxonomy":"post_tag","embeddable":true,"href":"https:\/\/www.ihu-liryc.fr\/en\/wp-json\/wp\/v2\/tags?post=5836"}],"curies":[{"name":"wp","href":"https:\/\/api.w.org\/{rel}","templated":true}]}}