{"id":8539,"date":"2026-04-03T11:02:03","date_gmt":"2026-04-03T11:02:03","guid":{"rendered":"https:\/\/www.ihu-liryc.fr\/?p=8539"},"modified":"2026-04-03T11:08:10","modified_gmt":"2026-04-03T11:08:10","slug":"tribune-faire-de-la-prevention-cardiovasculaire-une-priorite-nationale","status":"publish","type":"post","link":"https:\/\/www.ihu-liryc.fr\/en\/tribune-faire-de-la-prevention-cardiovasculaire-une-priorite-nationale\/","title":{"rendered":"[Op-Ed] Making cardiovascular disease prevention a national priority"},"content":{"rendered":"\n<p>The IHU Liryc is joining the call issued by the cardiology community for an ambitious public health policy to make cardiovascular prevention a priority in France. This urgent need was highlighted by the institute\u2019s Director General, Dr. M\u00e9l\u00e8ze Hocini, in an op-ed she co-authored in Le Monde.<\/p>\n\n\n<smartfire-component name='spacer' attributes=\"{&quot;height&quot;:20,&quot;laptopHeight&quot;:20,&quot;tabletHeight&quot;:20,&quot;mobileHeight&quot;:20}\"><\/smartfire-component>\n\n\n<p>While cardiovascular disease causes 140,000 deaths a year in France, nearly 80% of these cases could be prevented through targeted prevention efforts.<\/p>\n\n\n<smartfire-component name='spacer' attributes=\"{&quot;height&quot;:20,&quot;laptopHeight&quot;:20,&quot;tabletHeight&quot;:20,&quot;mobileHeight&quot;:20}\"><\/smartfire-component>\n\n\n<p>In response to this situation, the IHU Liryc supports the call for a French version of the European \u201cSafe Hearts\u201d plan to inform the public and policymakers, as well as to expand routine screening and increase funding for heart health, which currently accounts for less than 3% of the health budget.<\/p>\n\n\n<smartfire-component name='spacer' attributes=\"{&quot;height&quot;:20,&quot;laptopHeight&quot;:20,&quot;tabletHeight&quot;:20,&quot;mobileHeight&quot;:20}\"><\/smartfire-component>\n\n\n<p>Medical innovation must be accompanied by a robust prevention policy in order to achieve a lasting reduction in the burden of cardiovascular disease.<\/p>\n\n\n<smartfire-component name='spacer' attributes=\"{&quot;height&quot;:20,&quot;laptopHeight&quot;:20,&quot;tabletHeight&quot;:20,&quot;mobileHeight&quot;:20}\"><\/smartfire-component>\n\n<smartfire-component name='button' attributes=\"{&quot;text&quot;:&quot;Read the op-ed (french)&quot;,&quot;externalLink&quot;:&quot;https:\\\/\\\/www.lemonde.fr\\\/sciences\\\/article\\\/2026\\\/03\\\/24\\\/la-prevention-permet-d-eviter-pres-de-80-des-maladies-cardio-vasculaires_6674058_1650684.html&quot;,&quot;linkType&quot;:&quot;external&quot;,&quot;blank&quot;:true,&quot;position&quot;:&quot;center&quot;,&quot;color&quot;:&quot;#47BAD4&quot;,&quot;internalLink&quot;:&quot;&quot;,&quot;aspect&quot;:&quot;contained&quot;,&quot;colorHover&quot;:&quot;#086d84&quot;}\"><\/smartfire-component>\n\n\n<p><\/p>\n","protected":false},"excerpt":{"rendered":"<p>The IHU Liryc is joining the call issued by the cardiology community for an ambitious public health policy to make cardiovascular prevention a priority in France. This urgent need was highlighted by the institute\u2019s Director General, Dr. M\u00e9l\u00e8ze Hocini, in an op-ed she co-authored in Le Monde. While cardiovascular disease causes 140,000 deaths a year [&hellip;]<\/p>\n","protected":false},"author":12,"featured_media":6808,"comment_status":"closed","ping_status":"closed","sticky":false,"template":"","format":"standard","meta":{"_acf_changed":false,"footnotes":""},"categories":[27],"tags":[],"class_list":["post-8539","post","type-post","status-publish","format-standard","has-post-thumbnail","hentry","category-featured"],"acf":[],"yoast_head":"<!-- This site is optimized with the Yoast SEO plugin v25.8 - https:\/\/yoast.com\/wordpress\/plugins\/seo\/ -->\n<title>Faire de la pr\u00e9vention cardiovasculaire une priorit\u00e9 en France - IHU Liryc<\/title>\n<meta name=\"description\" content=\"80 % des maladies cardiovasculaires pourraient \u00eatre \u00e9vit\u00e9es. L\u2019IHU Liryc appelle \u00e0 une politique ambitieuse de pr\u00e9vention cardiovasculaire en France.\" \/>\n<meta name=\"robots\" content=\"index, follow, max-snippet:-1, max-image-preview:large, max-video-preview:-1\" \/>\n<link rel=\"canonical\" href=\"https:\/\/www.ihu-liryc.fr\/en\/tribune-faire-de-la-prevention-cardiovasculaire-une-priorite-nationale\/\" \/>\n<meta property=\"og:locale\" content=\"en_US\" \/>\n<meta property=\"og:type\" content=\"article\" \/>\n<meta property=\"og:title\" content=\"Faire de la pr\u00e9vention cardiovasculaire une priorit\u00e9 en France - IHU Liryc\" \/>\n<meta property=\"og:description\" content=\"80 % des maladies cardiovasculaires pourraient \u00eatre \u00e9vit\u00e9es. L\u2019IHU Liryc appelle \u00e0 une politique ambitieuse de pr\u00e9vention cardiovasculaire en France.\" \/>\n<meta property=\"og:url\" content=\"https:\/\/www.ihu-liryc.fr\/en\/tribune-faire-de-la-prevention-cardiovasculaire-une-priorite-nationale\/\" \/>\n<meta property=\"og:site_name\" content=\"IHU Liryc\" \/>\n<meta property=\"article:published_time\" content=\"2026-04-03T11:02:03+00:00\" \/>\n<meta property=\"article:modified_time\" content=\"2026-04-03T11:08:10+00:00\" \/>\n<meta property=\"og:image\" content=\"https:\/\/www.ihu-liryc.fr\/wp-content\/uploads\/2024\/12\/file-1-scaled.jpg\" \/>\n\t<meta property=\"og:image:width\" content=\"1707\" \/>\n\t<meta property=\"og:image:height\" content=\"2560\" \/>\n\t<meta property=\"og:image:type\" content=\"image\/jpeg\" \/>\n<meta name=\"author\" content=\"admin_communication\" \/>\n<meta name=\"twitter:card\" content=\"summary_large_image\" \/>\n<meta name=\"twitter:label1\" content=\"Written by\" \/>\n\t<meta name=\"twitter:data1\" content=\"admin_communication\" \/>\n\t<meta name=\"twitter:label2\" content=\"Est. reading time\" \/>\n\t<meta name=\"twitter:data2\" content=\"1 minute\" \/>\n<script type=\"application\/ld+json\" class=\"yoast-schema-graph\">{\"@context\":\"https:\/\/schema.org\",\"@graph\":[{\"@type\":\"WebPage\",\"@id\":\"https:\/\/www.ihu-liryc.fr\/en\/tribune-faire-de-la-prevention-cardiovasculaire-une-priorite-nationale\/\",\"url\":\"https:\/\/www.ihu-liryc.fr\/en\/tribune-faire-de-la-prevention-cardiovasculaire-une-priorite-nationale\/\",\"name\":\"Faire de la pr\u00e9vention cardiovasculaire une priorit\u00e9 en France - IHU Liryc\",\"isPartOf\":{\"@id\":\"https:\/\/www.ihu-liryc.fr\/#website\"},\"primaryImageOfPage\":{\"@id\":\"https:\/\/www.ihu-liryc.fr\/en\/tribune-faire-de-la-prevention-cardiovasculaire-une-priorite-nationale\/#primaryimage\"},\"image\":{\"@id\":\"https:\/\/www.ihu-liryc.fr\/en\/tribune-faire-de-la-prevention-cardiovasculaire-une-priorite-nationale\/#primaryimage\"},\"thumbnailUrl\":\"https:\/\/www.ihu-liryc.fr\/wp-content\/uploads\/2024\/12\/file-1-scaled.jpg\",\"datePublished\":\"2026-04-03T11:02:03+00:00\",\"dateModified\":\"2026-04-03T11:08:10+00:00\",\"author\":{\"@id\":\"https:\/\/www.ihu-liryc.fr\/#\/schema\/person\/cb126ad974431d07b9b614fd2f0736c0\"},\"description\":\"80 % des maladies cardiovasculaires pourraient \u00eatre \u00e9vit\u00e9es. L\u2019IHU Liryc appelle \u00e0 une politique ambitieuse de pr\u00e9vention cardiovasculaire en France.\",\"breadcrumb\":{\"@id\":\"https:\/\/www.ihu-liryc.fr\/en\/tribune-faire-de-la-prevention-cardiovasculaire-une-priorite-nationale\/#breadcrumb\"},\"inLanguage\":\"en-US\",\"potentialAction\":[{\"@type\":\"ReadAction\",\"target\":[\"https:\/\/www.ihu-liryc.fr\/en\/tribune-faire-de-la-prevention-cardiovasculaire-une-priorite-nationale\/\"]}]},{\"@type\":\"ImageObject\",\"inLanguage\":\"en-US\",\"@id\":\"https:\/\/www.ihu-liryc.fr\/en\/tribune-faire-de-la-prevention-cardiovasculaire-une-priorite-nationale\/#primaryimage\",\"url\":\"https:\/\/www.ihu-liryc.fr\/wp-content\/uploads\/2024\/12\/file-1-scaled.jpg\",\"contentUrl\":\"https:\/\/www.ihu-liryc.fr\/wp-content\/uploads\/2024\/12\/file-1-scaled.jpg\",\"width\":1707,\"height\":2560},{\"@type\":\"BreadcrumbList\",\"@id\":\"https:\/\/www.ihu-liryc.fr\/en\/tribune-faire-de-la-prevention-cardiovasculaire-une-priorite-nationale\/#breadcrumb\",\"itemListElement\":[{\"@type\":\"ListItem\",\"position\":1,\"name\":\"Home\",\"item\":\"https:\/\/www.ihu-liryc.fr\/en\/\"},{\"@type\":\"ListItem\",\"position\":2,\"name\":\"[Op-Ed] Making cardiovascular disease prevention a national priority\"}]},{\"@type\":\"WebSite\",\"@id\":\"https:\/\/www.ihu-liryc.fr\/#website\",\"url\":\"https:\/\/www.ihu-liryc.fr\/\",\"name\":\"IHU Liryc\",\"description\":\"\",\"potentialAction\":[{\"@type\":\"SearchAction\",\"target\":{\"@type\":\"EntryPoint\",\"urlTemplate\":\"https:\/\/www.ihu-liryc.fr\/?s={search_term_string}\"},\"query-input\":{\"@type\":\"PropertyValueSpecification\",\"valueRequired\":true,\"valueName\":\"search_term_string\"}}],\"inLanguage\":\"en-US\"},{\"@type\":\"Person\",\"@id\":\"https:\/\/www.ihu-liryc.fr\/#\/schema\/person\/cb126ad974431d07b9b614fd2f0736c0\",\"name\":\"admin_communication\",\"image\":{\"@type\":\"ImageObject\",\"inLanguage\":\"en-US\",\"@id\":\"https:\/\/www.ihu-liryc.fr\/#\/schema\/person\/image\/\",\"url\":\"https:\/\/secure.gravatar.com\/avatar\/82e92273decb2c204e34c2505904112185fbedf3852a7c5eed8b3089a6352468?s=96&d=mm&r=g\",\"contentUrl\":\"https:\/\/secure.gravatar.com\/avatar\/82e92273decb2c204e34c2505904112185fbedf3852a7c5eed8b3089a6352468?s=96&d=mm&r=g\",\"caption\":\"admin_communication\"}}]}<\/script>\n<!-- \/ Yoast SEO plugin. -->","yoast_head_json":{"title":"Faire de la pr\u00e9vention cardiovasculaire une priorit\u00e9 en France - IHU Liryc","description":"80 % des maladies cardiovasculaires pourraient \u00eatre \u00e9vit\u00e9es. L\u2019IHU Liryc appelle \u00e0 une politique ambitieuse de pr\u00e9vention cardiovasculaire en France.","robots":{"index":"index","follow":"follow","max-snippet":"max-snippet:-1","max-image-preview":"max-image-preview:large","max-video-preview":"max-video-preview:-1"},"canonical":"https:\/\/www.ihu-liryc.fr\/en\/tribune-faire-de-la-prevention-cardiovasculaire-une-priorite-nationale\/","og_locale":"en_US","og_type":"article","og_title":"Faire de la pr\u00e9vention cardiovasculaire une priorit\u00e9 en France - IHU Liryc","og_description":"80 % des maladies cardiovasculaires pourraient \u00eatre \u00e9vit\u00e9es. L\u2019IHU Liryc appelle \u00e0 une politique ambitieuse de pr\u00e9vention cardiovasculaire en France.","og_url":"https:\/\/www.ihu-liryc.fr\/en\/tribune-faire-de-la-prevention-cardiovasculaire-une-priorite-nationale\/","og_site_name":"IHU Liryc","article_published_time":"2026-04-03T11:02:03+00:00","article_modified_time":"2026-04-03T11:08:10+00:00","og_image":[{"width":1707,"height":2560,"url":"https:\/\/www.ihu-liryc.fr\/wp-content\/uploads\/2024\/12\/file-1-scaled.jpg","type":"image\/jpeg"}],"author":"admin_communication","twitter_card":"summary_large_image","twitter_misc":{"Written by":"admin_communication","Est. reading time":"1 minute"},"schema":{"@context":"https:\/\/schema.org","@graph":[{"@type":"WebPage","@id":"https:\/\/www.ihu-liryc.fr\/en\/tribune-faire-de-la-prevention-cardiovasculaire-une-priorite-nationale\/","url":"https:\/\/www.ihu-liryc.fr\/en\/tribune-faire-de-la-prevention-cardiovasculaire-une-priorite-nationale\/","name":"Faire de la pr\u00e9vention cardiovasculaire une priorit\u00e9 en France - IHU Liryc","isPartOf":{"@id":"https:\/\/www.ihu-liryc.fr\/#website"},"primaryImageOfPage":{"@id":"https:\/\/www.ihu-liryc.fr\/en\/tribune-faire-de-la-prevention-cardiovasculaire-une-priorite-nationale\/#primaryimage"},"image":{"@id":"https:\/\/www.ihu-liryc.fr\/en\/tribune-faire-de-la-prevention-cardiovasculaire-une-priorite-nationale\/#primaryimage"},"thumbnailUrl":"https:\/\/www.ihu-liryc.fr\/wp-content\/uploads\/2024\/12\/file-1-scaled.jpg","datePublished":"2026-04-03T11:02:03+00:00","dateModified":"2026-04-03T11:08:10+00:00","author":{"@id":"https:\/\/www.ihu-liryc.fr\/#\/schema\/person\/cb126ad974431d07b9b614fd2f0736c0"},"description":"80 % des maladies cardiovasculaires pourraient \u00eatre \u00e9vit\u00e9es. L\u2019IHU Liryc appelle \u00e0 une politique ambitieuse de pr\u00e9vention cardiovasculaire en France.","breadcrumb":{"@id":"https:\/\/www.ihu-liryc.fr\/en\/tribune-faire-de-la-prevention-cardiovasculaire-une-priorite-nationale\/#breadcrumb"},"inLanguage":"en-US","potentialAction":[{"@type":"ReadAction","target":["https:\/\/www.ihu-liryc.fr\/en\/tribune-faire-de-la-prevention-cardiovasculaire-une-priorite-nationale\/"]}]},{"@type":"ImageObject","inLanguage":"en-US","@id":"https:\/\/www.ihu-liryc.fr\/en\/tribune-faire-de-la-prevention-cardiovasculaire-une-priorite-nationale\/#primaryimage","url":"https:\/\/www.ihu-liryc.fr\/wp-content\/uploads\/2024\/12\/file-1-scaled.jpg","contentUrl":"https:\/\/www.ihu-liryc.fr\/wp-content\/uploads\/2024\/12\/file-1-scaled.jpg","width":1707,"height":2560},{"@type":"BreadcrumbList","@id":"https:\/\/www.ihu-liryc.fr\/en\/tribune-faire-de-la-prevention-cardiovasculaire-une-priorite-nationale\/#breadcrumb","itemListElement":[{"@type":"ListItem","position":1,"name":"Home","item":"https:\/\/www.ihu-liryc.fr\/en\/"},{"@type":"ListItem","position":2,"name":"[Op-Ed] Making cardiovascular disease prevention a national priority"}]},{"@type":"WebSite","@id":"https:\/\/www.ihu-liryc.fr\/#website","url":"https:\/\/www.ihu-liryc.fr\/","name":"IHU Liryc","description":"","potentialAction":[{"@type":"SearchAction","target":{"@type":"EntryPoint","urlTemplate":"https:\/\/www.ihu-liryc.fr\/?s={search_term_string}"},"query-input":{"@type":"PropertyValueSpecification","valueRequired":true,"valueName":"search_term_string"}}],"inLanguage":"en-US"},{"@type":"Person","@id":"https:\/\/www.ihu-liryc.fr\/#\/schema\/person\/cb126ad974431d07b9b614fd2f0736c0","name":"admin_communication","image":{"@type":"ImageObject","inLanguage":"en-US","@id":"https:\/\/www.ihu-liryc.fr\/#\/schema\/person\/image\/","url":"https:\/\/secure.gravatar.com\/avatar\/82e92273decb2c204e34c2505904112185fbedf3852a7c5eed8b3089a6352468?s=96&d=mm&r=g","contentUrl":"https:\/\/secure.gravatar.com\/avatar\/82e92273decb2c204e34c2505904112185fbedf3852a7c5eed8b3089a6352468?s=96&d=mm&r=g","caption":"admin_communication"}}]}},"_links":{"self":[{"href":"https:\/\/www.ihu-liryc.fr\/en\/wp-json\/wp\/v2\/posts\/8539","targetHints":{"allow":["GET"]}}],"collection":[{"href":"https:\/\/www.ihu-liryc.fr\/en\/wp-json\/wp\/v2\/posts"}],"about":[{"href":"https:\/\/www.ihu-liryc.fr\/en\/wp-json\/wp\/v2\/types\/post"}],"author":[{"embeddable":true,"href":"https:\/\/www.ihu-liryc.fr\/en\/wp-json\/wp\/v2\/users\/12"}],"replies":[{"embeddable":true,"href":"https:\/\/www.ihu-liryc.fr\/en\/wp-json\/wp\/v2\/comments?post=8539"}],"version-history":[{"count":4,"href":"https:\/\/www.ihu-liryc.fr\/en\/wp-json\/wp\/v2\/posts\/8539\/revisions"}],"predecessor-version":[{"id":8549,"href":"https:\/\/www.ihu-liryc.fr\/en\/wp-json\/wp\/v2\/posts\/8539\/revisions\/8549"}],"wp:featuredmedia":[{"embeddable":true,"href":"https:\/\/www.ihu-liryc.fr\/en\/wp-json\/wp\/v2\/media\/6808"}],"wp:attachment":[{"href":"https:\/\/www.ihu-liryc.fr\/en\/wp-json\/wp\/v2\/media?parent=8539"}],"wp:term":[{"taxonomy":"category","embeddable":true,"href":"https:\/\/www.ihu-liryc.fr\/en\/wp-json\/wp\/v2\/categories?post=8539"},{"taxonomy":"post_tag","embeddable":true,"href":"https:\/\/www.ihu-liryc.fr\/en\/wp-json\/wp\/v2\/tags?post=8539"}],"curies":[{"name":"wp","href":"https:\/\/api.w.org\/{rel}","templated":true}]}}